{"id":4671,"date":"2023-07-28T13:46:03","date_gmt":"2023-07-28T18:46:03","guid":{"rendered":"https:\/\/habitudes.co\/?p=4671"},"modified":"2024-04-28T04:25:50","modified_gmt":"2024-04-28T09:25:50","slug":"insight-12","status":"publish","type":"post","link":"https:\/\/habitudes.co\/2023\/07\/28\/insight-12\/","title":{"rendered":"Nuevas reglas para afiliaci\u00f3n a ARL de los empleados p\u00fablicos"},"content":{"rendered":"<p>Introducci\u00f3n:<\/p>\n<p>Recientemente, el Congreso de la Rep\u00fablica de Colombia aprob\u00f3 el Plan Nacional de Desarrollo, que en su Art\u00edculo 97, establece que todas las entidades y corporaciones p\u00fablicas se afiliar\u00e1n a Positiva Compa\u00f1\u00eda de Seguros S.A., o su equivalente, con el objetivo de fortalecer el Sistema de Aseguramiento P\u00fablico y ampliar su cobertura a nuevas poblaciones de trabajadores.<\/p>\n<p>En Habitudes reconocemos los desaf\u00edos y oportunidades que este cambio representa para todos los involucrados desde el \u00e1rea de la actuaria.<\/p>\n<p>Comprendiendo el Impacto:<\/p>\n<p>Este traslado afectar\u00e1 a miles de servidores p\u00fablicos que actualmente est\u00e1n afiliados a las otras Administradoras de Riesgos Laborales (ARL). Veamos las cifras: a diciembre de 2022, hab\u00eda alrededor de 1,351,000 servidores p\u00fablicos, de los cuales el 55% son docentes y militares. Seg\u00fan las estad\u00edsticas del sector, en ese mismo periodo hab\u00eda 1,086,615 trabajadores en el sector de administraci\u00f3n p\u00fablica y defensa, de los cuales 487,000 (44.82%) estaban afiliados a la ARL Positiva. Los restantes 600,000 tendr\u00e1n que ser trasladados. Las aseguradoras m\u00e1s afectadas por esta transici\u00f3n por n\u00famero de afiliados son: Sura con 405,000; Seguros Bol\u00edvar con 122,000, Colmena con 34,000 y Axa Colpatria con 32,000 afiliados.<\/p>\n<p>Desaf\u00edos y Oportunidades:<\/p>\n<p>Este traslado masivo presentar\u00e1 desaf\u00edos tanto para las aseguradoras que dejar\u00e1n de recibir los recursos de los empleados p\u00fablicos, como para Positiva, quien recibir\u00e1 un importante n\u00famero de nuevos afiliados en un corto per\u00edodo de tiempo. lo cual requerir\u00e1 ajustes en las estructuras de gesti\u00f3n de indemnizaciones y auditor\u00edas ya establecidas en las aseguradoras; adem\u00e1s el sistema de recobros entre las ARL adquirir\u00e1 una gran importancia, al igual que el c\u00e1lculo adecuado de la Reserva Especial de Riesgos Laborales.<\/p>\n<p>Apoyo Actuarial para Navegar el Cambio:<\/p>\n<p>En Habitudes, estudiamos desde el punto de vista actuarial c\u00f3mo este cambio ser\u00e1 un nuevo desaf\u00edo para el sector asegurador, as\u00ed como una oportunidad para fortalecer el sistema de aseguramiento p\u00fablico con la incorporaci\u00f3n de nuevos grupos poblacionales. Si bien es cierto que una parte importante de los recursos se destinar\u00e1n a la aseguradora p\u00fablica, estos fondos est\u00e1n dise\u00f1ados para cubrir las prestaciones espec\u00edficas de los afiliados por riesgos laborales y no se genera un exceso significativo de utilidades que puedan destinarse a otros grupos poblacionales.<\/p>\n<p>Conclusi\u00f3n:<\/p>\n<p>La inclusi\u00f3n del Art\u00edculo 97 en el Plan Nacional de Desarrollo representa un cambio transformador en el panorama del seguro p\u00fablico en Colombia, ya que un n\u00famero significativo de servidores p\u00fablicos deber\u00e1n trasladar su afiliaci\u00f3n a Positiva. A medida que esta transici\u00f3n se desarrolla, la perspectiva actuarial se vuelve invaluable para garantizar la sostenibilidad y eficacia del sistema de seguros. En Habitudes estamos en constante aprendizaje para dar las respuestas de manera r\u00e1pida cuando se generan los cambios.<\/p>\n","protected":false},"excerpt":{"rendered":"<p>Introducci\u00f3n: Recientemente, el Congreso de la Rep\u00fablica de Colombia aprob\u00f3 el Plan Nacional de Desarrollo, que en su Art\u00edculo 97, establece que todas las entidades y corporaciones p\u00fablicas se afiliar\u00e1n a Positiva Compa\u00f1\u00eda de Seguros S.A., o su equivalente, con el objetivo de fortalecer el Sistema de Aseguramiento P\u00fablico y ampliar su cobertura a nuevas [&hellip;]<\/p>\n","protected":false},"author":7,"featured_media":4672,"comment_status":"open","ping_status":"open","sticky":false,"template":"","format":"standard","meta":{"footnotes":""},"categories":[13],"tags":[],"class_list":["post-4671","post","type-post","status-publish","format-standard","has-post-thumbnail","hentry","category-seguros"],"yoast_head":"<!-- This site is optimized with the Yoast SEO plugin v27.5 - https:\/\/yoast.com\/product\/yoast-seo-wordpress\/ -->\n<title>Nuevas reglas para afiliaci\u00f3n a ARL de los empleados p\u00fablicos -<\/title>\n<meta name=\"robots\" content=\"index, follow, max-snippet:-1, max-image-preview:large, max-video-preview:-1\" \/>\n<link rel=\"canonical\" href=\"https:\/\/habitudes.co\/2023\/07\/28\/insight-12\/\" \/>\n<meta property=\"og:locale\" content=\"es_ES\" \/>\n<meta property=\"og:type\" content=\"article\" \/>\n<meta property=\"og:title\" content=\"Nuevas reglas para afiliaci\u00f3n a ARL de los empleados p\u00fablicos -\" \/>\n<meta property=\"og:description\" content=\"Introducci\u00f3n: Recientemente, el Congreso de la Rep\u00fablica de Colombia aprob\u00f3 el Plan Nacional de Desarrollo, que en su Art\u00edculo 97, establece que todas las entidades y corporaciones p\u00fablicas se afiliar\u00e1n a Positiva Compa\u00f1\u00eda de Seguros S.A., o su equivalente, con el objetivo de fortalecer el Sistema de Aseguramiento P\u00fablico y ampliar su cobertura a nuevas [&hellip;]\" \/>\n<meta property=\"og:url\" content=\"https:\/\/habitudes.co\/2023\/07\/28\/insight-12\/\" \/>\n<meta property=\"article:published_time\" content=\"2023-07-28T18:46:03+00:00\" \/>\n<meta property=\"article:modified_time\" content=\"2024-04-28T09:25:50+00:00\" \/>\n<meta property=\"og:image\" content=\"https:\/\/habitudes.co\/vumafic\/2023\/07\/one-of-two-businesswomen-with-pens-going-to-put-si-2021-09-24-03-11-14-utc-1024x683.jpg\" \/>\n\t<meta property=\"og:image:width\" content=\"1024\" \/>\n\t<meta property=\"og:image:height\" content=\"683\" \/>\n\t<meta property=\"og:image:type\" content=\"image\/jpeg\" \/>\n<meta name=\"author\" content=\"Andres Sales\" \/>\n<meta name=\"twitter:card\" content=\"summary_large_image\" \/>\n<meta name=\"twitter:creator\" content=\"@habitudesco\" \/>\n<meta name=\"twitter:site\" content=\"@habitudesco\" \/>\n<meta name=\"twitter:label1\" content=\"Escrito por\" \/>\n\t<meta name=\"twitter:data1\" content=\"Andres Sales\" \/>\n\t<meta name=\"twitter:label2\" content=\"Tiempo de lectura\" \/>\n\t<meta name=\"twitter:data2\" content=\"3 minutos\" \/>\n<script type=\"application\/ld+json\" class=\"yoast-schema-graph\">{\"@context\":\"https:\\\/\\\/schema.org\",\"@graph\":[{\"@type\":\"Article\",\"@id\":\"https:\\\/\\\/habitudes.co\\\/2023\\\/07\\\/28\\\/insight-12\\\/#article\",\"isPartOf\":{\"@id\":\"https:\\\/\\\/habitudes.co\\\/2023\\\/07\\\/28\\\/insight-12\\\/\"},\"author\":{\"name\":\"Andres Sales\",\"@id\":\"https:\\\/\\\/habitudes.co\\\/#\\\/schema\\\/person\\\/4852a43606c4e7f9f082632284f6c322\"},\"headline\":\"Nuevas reglas para afiliaci\u00f3n a ARL de los empleados p\u00fablicos\",\"datePublished\":\"2023-07-28T18:46:03+00:00\",\"dateModified\":\"2024-04-28T09:25:50+00:00\",\"mainEntityOfPage\":{\"@id\":\"https:\\\/\\\/habitudes.co\\\/2023\\\/07\\\/28\\\/insight-12\\\/\"},\"wordCount\":494,\"commentCount\":0,\"publisher\":{\"@id\":\"https:\\\/\\\/habitudes.co\\\/#organization\"},\"image\":{\"@id\":\"https:\\\/\\\/habitudes.co\\\/2023\\\/07\\\/28\\\/insight-12\\\/#primaryimage\"},\"thumbnailUrl\":\"https:\\\/\\\/habitudes.co\\\/wp-content\\\/uploads\\\/2023\\\/07\\\/one-of-two-businesswomen-with-pens-going-to-put-si-2021-09-24-03-11-14-utc.jpg\",\"articleSection\":[\"Seguros\"],\"inLanguage\":\"es\",\"potentialAction\":[{\"@type\":\"CommentAction\",\"name\":\"Comment\",\"target\":[\"https:\\\/\\\/habitudes.co\\\/2023\\\/07\\\/28\\\/insight-12\\\/#respond\"]}]},{\"@type\":\"WebPage\",\"@id\":\"https:\\\/\\\/habitudes.co\\\/2023\\\/07\\\/28\\\/insight-12\\\/\",\"url\":\"https:\\\/\\\/habitudes.co\\\/2023\\\/07\\\/28\\\/insight-12\\\/\",\"name\":\"Nuevas reglas para afiliaci\u00f3n a ARL de los empleados p\u00fablicos -\",\"isPartOf\":{\"@id\":\"https:\\\/\\\/habitudes.co\\\/#website\"},\"primaryImageOfPage\":{\"@id\":\"https:\\\/\\\/habitudes.co\\\/2023\\\/07\\\/28\\\/insight-12\\\/#primaryimage\"},\"image\":{\"@id\":\"https:\\\/\\\/habitudes.co\\\/2023\\\/07\\\/28\\\/insight-12\\\/#primaryimage\"},\"thumbnailUrl\":\"https:\\\/\\\/habitudes.co\\\/wp-content\\\/uploads\\\/2023\\\/07\\\/one-of-two-businesswomen-with-pens-going-to-put-si-2021-09-24-03-11-14-utc.jpg\",\"datePublished\":\"2023-07-28T18:46:03+00:00\",\"dateModified\":\"2024-04-28T09:25:50+00:00\",\"breadcrumb\":{\"@id\":\"https:\\\/\\\/habitudes.co\\\/2023\\\/07\\\/28\\\/insight-12\\\/#breadcrumb\"},\"inLanguage\":\"es\",\"potentialAction\":[{\"@type\":\"ReadAction\",\"target\":[\"https:\\\/\\\/habitudes.co\\\/2023\\\/07\\\/28\\\/insight-12\\\/\"]}]},{\"@type\":\"ImageObject\",\"inLanguage\":\"es\",\"@id\":\"https:\\\/\\\/habitudes.co\\\/2023\\\/07\\\/28\\\/insight-12\\\/#primaryimage\",\"url\":\"https:\\\/\\\/habitudes.co\\\/wp-content\\\/uploads\\\/2023\\\/07\\\/one-of-two-businesswomen-with-pens-going-to-put-si-2021-09-24-03-11-14-utc.jpg\",\"contentUrl\":\"https:\\\/\\\/habitudes.co\\\/wp-content\\\/uploads\\\/2023\\\/07\\\/one-of-two-businesswomen-with-pens-going-to-put-si-2021-09-24-03-11-14-utc.jpg\",\"width\":2560,\"height\":1707,\"caption\":\"Two businesswomen with pens pointing at contract while one of them going to put signature after reading the document\"},{\"@type\":\"BreadcrumbList\",\"@id\":\"https:\\\/\\\/habitudes.co\\\/2023\\\/07\\\/28\\\/insight-12\\\/#breadcrumb\",\"itemListElement\":[{\"@type\":\"ListItem\",\"position\":1,\"name\":\"Portada\",\"item\":\"https:\\\/\\\/habitudes.co\\\/\"},{\"@type\":\"ListItem\",\"position\":2,\"name\":\"Nuevas reglas para afiliaci\u00f3n a ARL de los empleados p\u00fablicos\"}]},{\"@type\":\"WebSite\",\"@id\":\"https:\\\/\\\/habitudes.co\\\/#website\",\"url\":\"https:\\\/\\\/habitudes.co\\\/\",\"name\":\"habitudes.co\",\"description\":\"\",\"publisher\":{\"@id\":\"https:\\\/\\\/habitudes.co\\\/#organization\"},\"potentialAction\":[{\"@type\":\"SearchAction\",\"target\":{\"@type\":\"EntryPoint\",\"urlTemplate\":\"https:\\\/\\\/habitudes.co\\\/?s={search_term_string}\"},\"query-input\":{\"@type\":\"PropertyValueSpecification\",\"valueRequired\":true,\"valueName\":\"search_term_string\"}}],\"inLanguage\":\"es\"},{\"@type\":\"Organization\",\"@id\":\"https:\\\/\\\/habitudes.co\\\/#organization\",\"name\":\"habitudes\",\"url\":\"https:\\\/\\\/habitudes.co\\\/\",\"logo\":{\"@type\":\"ImageObject\",\"inLanguage\":\"es\",\"@id\":\"https:\\\/\\\/habitudes.co\\\/#\\\/schema\\\/logo\\\/image\\\/\",\"url\":\"https:\\\/\\\/habitudes.co\\\/wp-content\\\/uploads\\\/2023\\\/07\\\/logo-gp.png\",\"contentUrl\":\"https:\\\/\\\/habitudes.co\\\/wp-content\\\/uploads\\\/2023\\\/07\\\/logo-gp.png\",\"width\":1822,\"height\":1580,\"caption\":\"habitudes\"},\"image\":{\"@id\":\"https:\\\/\\\/habitudes.co\\\/#\\\/schema\\\/logo\\\/image\\\/\"},\"sameAs\":[\"https:\\\/\\\/x.com\\\/habitudesco\",\"https:\\\/\\\/www.linkedin.com\\\/company\\\/habitudes-co\\\/?viewAsMember=true\"]},{\"@type\":\"Person\",\"@id\":\"https:\\\/\\\/habitudes.co\\\/#\\\/schema\\\/person\\\/4852a43606c4e7f9f082632284f6c322\",\"name\":\"Andres Sales\",\"image\":{\"@type\":\"ImageObject\",\"inLanguage\":\"es\",\"@id\":\"https:\\\/\\\/secure.gravatar.com\\\/avatar\\\/9247739137138635b7a2e51d03ebc4d8c92dbfb09d4d6ad2d70caad99076532b?s=96&d=identicon&r=g\",\"url\":\"https:\\\/\\\/secure.gravatar.com\\\/avatar\\\/9247739137138635b7a2e51d03ebc4d8c92dbfb09d4d6ad2d70caad99076532b?s=96&d=identicon&r=g\",\"contentUrl\":\"https:\\\/\\\/secure.gravatar.com\\\/avatar\\\/9247739137138635b7a2e51d03ebc4d8c92dbfb09d4d6ad2d70caad99076532b?s=96&d=identicon&r=g\",\"caption\":\"Andres Sales\"},\"url\":\"https:\\\/\\\/habitudes.co\\\/author\\\/andres-sales\\\/\"}]}<\/script>\n<!-- \/ Yoast SEO plugin. -->","yoast_head_json":{"title":"Nuevas reglas para afiliaci\u00f3n a ARL de los empleados p\u00fablicos -","robots":{"index":"index","follow":"follow","max-snippet":"max-snippet:-1","max-image-preview":"max-image-preview:large","max-video-preview":"max-video-preview:-1"},"canonical":"https:\/\/habitudes.co\/2023\/07\/28\/insight-12\/","og_locale":"es_ES","og_type":"article","og_title":"Nuevas reglas para afiliaci\u00f3n a ARL de los empleados p\u00fablicos -","og_description":"Introducci\u00f3n: Recientemente, el Congreso de la Rep\u00fablica de Colombia aprob\u00f3 el Plan Nacional de Desarrollo, que en su Art\u00edculo 97, establece que todas las entidades y corporaciones p\u00fablicas se afiliar\u00e1n a Positiva Compa\u00f1\u00eda de Seguros S.A., o su equivalente, con el objetivo de fortalecer el Sistema de Aseguramiento P\u00fablico y ampliar su cobertura a nuevas [&hellip;]","og_url":"https:\/\/habitudes.co\/2023\/07\/28\/insight-12\/","article_published_time":"2023-07-28T18:46:03+00:00","article_modified_time":"2024-04-28T09:25:50+00:00","og_image":[{"width":1024,"height":683,"url":"https:\/\/habitudes.co\/vumafic\/2023\/07\/one-of-two-businesswomen-with-pens-going-to-put-si-2021-09-24-03-11-14-utc-1024x683.jpg","type":"image\/jpeg"}],"author":"Andres Sales","twitter_card":"summary_large_image","twitter_creator":"@habitudesco","twitter_site":"@habitudesco","twitter_misc":{"Escrito por":"Andres Sales","Tiempo de lectura":"3 minutos"},"schema":{"@context":"https:\/\/schema.org","@graph":[{"@type":"Article","@id":"https:\/\/habitudes.co\/2023\/07\/28\/insight-12\/#article","isPartOf":{"@id":"https:\/\/habitudes.co\/2023\/07\/28\/insight-12\/"},"author":{"name":"Andres Sales","@id":"https:\/\/habitudes.co\/#\/schema\/person\/4852a43606c4e7f9f082632284f6c322"},"headline":"Nuevas reglas para afiliaci\u00f3n a ARL de los empleados p\u00fablicos","datePublished":"2023-07-28T18:46:03+00:00","dateModified":"2024-04-28T09:25:50+00:00","mainEntityOfPage":{"@id":"https:\/\/habitudes.co\/2023\/07\/28\/insight-12\/"},"wordCount":494,"commentCount":0,"publisher":{"@id":"https:\/\/habitudes.co\/#organization"},"image":{"@id":"https:\/\/habitudes.co\/2023\/07\/28\/insight-12\/#primaryimage"},"thumbnailUrl":"https:\/\/habitudes.co\/vumafic\/2023\/07\/one-of-two-businesswomen-with-pens-going-to-put-si-2021-09-24-03-11-14-utc.jpg","articleSection":["Seguros"],"inLanguage":"es","potentialAction":[{"@type":"CommentAction","name":"Comment","target":["https:\/\/habitudes.co\/2023\/07\/28\/insight-12\/#respond"]}]},{"@type":"WebPage","@id":"https:\/\/habitudes.co\/2023\/07\/28\/insight-12\/","url":"https:\/\/habitudes.co\/2023\/07\/28\/insight-12\/","name":"Nuevas reglas para afiliaci\u00f3n a ARL de los empleados p\u00fablicos -","isPartOf":{"@id":"https:\/\/habitudes.co\/#website"},"primaryImageOfPage":{"@id":"https:\/\/habitudes.co\/2023\/07\/28\/insight-12\/#primaryimage"},"image":{"@id":"https:\/\/habitudes.co\/2023\/07\/28\/insight-12\/#primaryimage"},"thumbnailUrl":"https:\/\/habitudes.co\/vumafic\/2023\/07\/one-of-two-businesswomen-with-pens-going-to-put-si-2021-09-24-03-11-14-utc.jpg","datePublished":"2023-07-28T18:46:03+00:00","dateModified":"2024-04-28T09:25:50+00:00","breadcrumb":{"@id":"https:\/\/habitudes.co\/2023\/07\/28\/insight-12\/#breadcrumb"},"inLanguage":"es","potentialAction":[{"@type":"ReadAction","target":["https:\/\/habitudes.co\/2023\/07\/28\/insight-12\/"]}]},{"@type":"ImageObject","inLanguage":"es","@id":"https:\/\/habitudes.co\/2023\/07\/28\/insight-12\/#primaryimage","url":"https:\/\/habitudes.co\/vumafic\/2023\/07\/one-of-two-businesswomen-with-pens-going-to-put-si-2021-09-24-03-11-14-utc.jpg","contentUrl":"https:\/\/habitudes.co\/vumafic\/2023\/07\/one-of-two-businesswomen-with-pens-going-to-put-si-2021-09-24-03-11-14-utc.jpg","width":2560,"height":1707,"caption":"Two businesswomen with pens pointing at contract while one of them going to put signature after reading the document"},{"@type":"BreadcrumbList","@id":"https:\/\/habitudes.co\/2023\/07\/28\/insight-12\/#breadcrumb","itemListElement":[{"@type":"ListItem","position":1,"name":"Portada","item":"https:\/\/habitudes.co\/"},{"@type":"ListItem","position":2,"name":"Nuevas reglas para afiliaci\u00f3n a ARL de los empleados p\u00fablicos"}]},{"@type":"WebSite","@id":"https:\/\/habitudes.co\/#website","url":"https:\/\/habitudes.co\/","name":"habitudes.co","description":"","publisher":{"@id":"https:\/\/habitudes.co\/#organization"},"potentialAction":[{"@type":"SearchAction","target":{"@type":"EntryPoint","urlTemplate":"https:\/\/habitudes.co\/?s={search_term_string}"},"query-input":{"@type":"PropertyValueSpecification","valueRequired":true,"valueName":"search_term_string"}}],"inLanguage":"es"},{"@type":"Organization","@id":"https:\/\/habitudes.co\/#organization","name":"habitudes","url":"https:\/\/habitudes.co\/","logo":{"@type":"ImageObject","inLanguage":"es","@id":"https:\/\/habitudes.co\/#\/schema\/logo\/image\/","url":"https:\/\/habitudes.co\/vumafic\/2023\/07\/logo-gp.png","contentUrl":"https:\/\/habitudes.co\/vumafic\/2023\/07\/logo-gp.png","width":1822,"height":1580,"caption":"habitudes"},"image":{"@id":"https:\/\/habitudes.co\/#\/schema\/logo\/image\/"},"sameAs":["https:\/\/x.com\/habitudesco","https:\/\/www.linkedin.com\/company\/habitudes-co\/?viewAsMember=true"]},{"@type":"Person","@id":"https:\/\/habitudes.co\/#\/schema\/person\/4852a43606c4e7f9f082632284f6c322","name":"Andres Sales","image":{"@type":"ImageObject","inLanguage":"es","@id":"https:\/\/secure.gravatar.com\/avatar\/9247739137138635b7a2e51d03ebc4d8c92dbfb09d4d6ad2d70caad99076532b?s=96&d=identicon&r=g","url":"https:\/\/secure.gravatar.com\/avatar\/9247739137138635b7a2e51d03ebc4d8c92dbfb09d4d6ad2d70caad99076532b?s=96&d=identicon&r=g","contentUrl":"https:\/\/secure.gravatar.com\/avatar\/9247739137138635b7a2e51d03ebc4d8c92dbfb09d4d6ad2d70caad99076532b?s=96&d=identicon&r=g","caption":"Andres Sales"},"url":"https:\/\/habitudes.co\/author\/andres-sales\/"}]}},"_links":{"self":[{"href":"https:\/\/habitudes.co\/rubofom\/wp\/v2\/posts\/4671","targetHints":{"allow":["GET"]}}],"collection":[{"href":"https:\/\/habitudes.co\/rubofom\/wp\/v2\/posts"}],"about":[{"href":"https:\/\/habitudes.co\/rubofom\/wp\/v2\/types\/post"}],"author":[{"embeddable":true,"href":"https:\/\/habitudes.co\/rubofom\/wp\/v2\/users\/7"}],"replies":[{"embeddable":true,"href":"https:\/\/habitudes.co\/rubofom\/wp\/v2\/comments?post=4671"}],"version-history":[{"count":0,"href":"https:\/\/habitudes.co\/rubofom\/wp\/v2\/posts\/4671\/revisions"}],"wp:featuredmedia":[{"embeddable":true,"href":"https:\/\/habitudes.co\/rubofom\/wp\/v2\/media\/4672"}],"wp:attachment":[{"href":"https:\/\/habitudes.co\/rubofom\/wp\/v2\/media?parent=4671"}],"wp:term":[{"taxonomy":"category","embeddable":true,"href":"https:\/\/habitudes.co\/rubofom\/wp\/v2\/categories?post=4671"},{"taxonomy":"post_tag","embeddable":true,"href":"https:\/\/habitudes.co\/rubofom\/wp\/v2\/tags?post=4671"}],"curies":[{"name":"wp","href":"https:\/\/api.w.org\/{rel}","templated":true}]}}