{"id":1916,"date":"2022-09-07T21:51:09","date_gmt":"2022-09-08T02:51:09","guid":{"rendered":"https:\/\/habitudes.co\/?p=1916"},"modified":"2024-04-28T04:50:39","modified_gmt":"2024-04-28T09:50:39","slug":"insight-05","status":"publish","type":"post","link":"https:\/\/habitudes.co\/2022\/09\/07\/insight-05\/","title":{"rendered":"\u00bfCu\u00e1l es el d\u00eda m\u00e1s importante?"},"content":{"rendered":"<p>Una de las discusiones que tengo de vez en cuando con mis hijos al llevarlos a sus entrenamientos deportivos, suele empezar m\u00e1s o menos de la siguiente manera:<br \/>\n\u2013 \u00bfQu\u00e9 pasa si hoy no voy al entrenamiento? Es dos veces por semana y si dejo de ir un d\u00eda, pues no pasa nada, as\u00ed que mejor no vayamos hoy, dice mi hijo.<br \/>\nAlgo similar sucede con el colegio de mis hijos, con el trabajo que tenemos cada uno de nosotros, con todos los procesos que requieren una inversi\u00f3n de tiempo, esfuerzo y otro tipo de recursos: Ning\u00fan d\u00eda es m\u00e1s importante que otro; como resultado de seguir de manera consistente el proceso, vamos a obtener algo que realmente vale la pena.<br \/>\nEsto es exactamente lo que sucede con la planeaci\u00f3n del retiro y del camino que nos conduce a este destino: No hay ning\u00fan d\u00eda que sea m\u00e1s importante que otro, dejar de aportar al sistema de seguridad social un d\u00eda o dejar de ahorrar un mes no significa que no vayamos a llegar a nuestro destino, pero debe ser la excepci\u00f3n y no la regla.<br \/>\nEn otras palabras, llegar al destino anhelado es el resultado de las acciones que tomamos en nuestra vida cotidiana de manera disciplinada; si no tenemos un buen plan, si no tenemos h\u00e1bitos y actitudes correctas (esto es, habitudes) las cuales son muy personales ya que deben estar alineados con los valores que hemos decidido honrar todos los d\u00edas, no vamos a llegar a ese destino.<br \/>\nEn el palacio de la Reina de Corazones del libro de <i>\u201cAlicia en el Pa\u00eds de las Maravillas\u201d<\/i> nunca hab\u00eda mermelada y hab\u00eda una regla muy clara al respecto: <i>\u201cHoy no hay mermelada, la hubo ayer y la habr\u00e1 ma\u00f1ana, pero no hoy\u201d.<\/i><br \/>\nTodos queremos llegar al dulce destino que nos hemos trazado, para lo cual es necesario llevar a mis hijos al entrenamiento dos veces por semana, trabajar todos los d\u00edas, que aportes a la seguridad social y si te es posible, hacer ahorros adicionales de tal manera que una vez lleguemos a nuestro destino anhelado, podamos decir a diferencia de la Reina de Corazones, que todos nuestros d\u00edas van a ser muy dulces.<\/p>\n","protected":false},"excerpt":{"rendered":"<p>Una de las discusiones que tengo de vez en cuando con mis hijos al llevarlos a sus entrenamientos deportivos, suele empezar m\u00e1s o menos de la siguiente manera: \u2013 \u00bfQu\u00e9 pasa si hoy no voy al entrenamiento? Es dos veces por semana y si dejo de ir un d\u00eda, pues no pasa nada, as\u00ed que [&hellip;]<\/p>\n","protected":false},"author":1,"featured_media":383,"comment_status":"open","ping_status":"open","sticky":false,"template":"","format":"standard","meta":{"footnotes":""},"categories":[14],"tags":[],"class_list":["post-1916","post","type-post","status-publish","format-standard","has-post-thumbnail","hentry","category-personas"],"yoast_head":"<!-- This site is optimized with the Yoast SEO plugin v27.5 - https:\/\/yoast.com\/product\/yoast-seo-wordpress\/ -->\n<title>\u00bfCu\u00e1l es el d\u00eda m\u00e1s importante? -<\/title>\n<meta name=\"robots\" content=\"index, follow, max-snippet:-1, max-image-preview:large, max-video-preview:-1\" \/>\n<link rel=\"canonical\" href=\"https:\/\/habitudes.co\/2022\/09\/07\/insight-05\/\" \/>\n<meta property=\"og:locale\" content=\"es_ES\" \/>\n<meta property=\"og:type\" content=\"article\" \/>\n<meta property=\"og:title\" content=\"\u00bfCu\u00e1l es el d\u00eda m\u00e1s importante? -\" \/>\n<meta property=\"og:description\" content=\"Una de las discusiones que tengo de vez en cuando con mis hijos al llevarlos a sus entrenamientos deportivos, suele empezar m\u00e1s o menos de la siguiente manera: \u2013 \u00bfQu\u00e9 pasa si hoy no voy al entrenamiento? Es dos veces por semana y si dejo de ir un d\u00eda, pues no pasa nada, as\u00ed que [&hellip;]\" \/>\n<meta property=\"og:url\" content=\"https:\/\/habitudes.co\/2022\/09\/07\/insight-05\/\" \/>\n<meta property=\"article:published_time\" content=\"2022-09-08T02:51:09+00:00\" \/>\n<meta property=\"article:modified_time\" content=\"2024-04-28T09:50:39+00:00\" \/>\n<meta property=\"og:image\" content=\"https:\/\/habitudes.co\/vumafic\/2022\/09\/dia_importante.jpg\" \/>\n\t<meta property=\"og:image:width\" content=\"862\" \/>\n\t<meta property=\"og:image:height\" content=\"575\" \/>\n\t<meta property=\"og:image:type\" content=\"image\/jpeg\" \/>\n<meta name=\"author\" content=\"Rodrigo Silva\" \/>\n<meta name=\"twitter:card\" content=\"summary_large_image\" \/>\n<meta name=\"twitter:creator\" content=\"@habitudesco\" \/>\n<meta name=\"twitter:site\" content=\"@habitudesco\" \/>\n<meta name=\"twitter:label1\" content=\"Escrito por\" \/>\n\t<meta name=\"twitter:data1\" content=\"Rodrigo Silva\" \/>\n\t<meta name=\"twitter:label2\" content=\"Tiempo de lectura\" \/>\n\t<meta name=\"twitter:data2\" content=\"2 minutos\" \/>\n<script type=\"application\/ld+json\" class=\"yoast-schema-graph\">{\"@context\":\"https:\\\/\\\/schema.org\",\"@graph\":[{\"@type\":\"Article\",\"@id\":\"https:\\\/\\\/habitudes.co\\\/2022\\\/09\\\/07\\\/insight-05\\\/#article\",\"isPartOf\":{\"@id\":\"https:\\\/\\\/habitudes.co\\\/2022\\\/09\\\/07\\\/insight-05\\\/\"},\"author\":{\"name\":\"Rodrigo Silva\",\"@id\":\"https:\\\/\\\/habitudes.co\\\/#\\\/schema\\\/person\\\/c79087e47f50d781b664416f84ab598c\"},\"headline\":\"\u00bfCu\u00e1l es el d\u00eda m\u00e1s importante?\",\"datePublished\":\"2022-09-08T02:51:09+00:00\",\"dateModified\":\"2024-04-28T09:50:39+00:00\",\"mainEntityOfPage\":{\"@id\":\"https:\\\/\\\/habitudes.co\\\/2022\\\/09\\\/07\\\/insight-05\\\/\"},\"wordCount\":394,\"commentCount\":0,\"publisher\":{\"@id\":\"https:\\\/\\\/habitudes.co\\\/#organization\"},\"image\":{\"@id\":\"https:\\\/\\\/habitudes.co\\\/2022\\\/09\\\/07\\\/insight-05\\\/#primaryimage\"},\"thumbnailUrl\":\"https:\\\/\\\/habitudes.co\\\/wp-content\\\/uploads\\\/2022\\\/09\\\/dia_importante.jpg\",\"articleSection\":[\"Personas\"],\"inLanguage\":\"es\",\"potentialAction\":[{\"@type\":\"CommentAction\",\"name\":\"Comment\",\"target\":[\"https:\\\/\\\/habitudes.co\\\/2022\\\/09\\\/07\\\/insight-05\\\/#respond\"]}]},{\"@type\":\"WebPage\",\"@id\":\"https:\\\/\\\/habitudes.co\\\/2022\\\/09\\\/07\\\/insight-05\\\/\",\"url\":\"https:\\\/\\\/habitudes.co\\\/2022\\\/09\\\/07\\\/insight-05\\\/\",\"name\":\"\u00bfCu\u00e1l es el d\u00eda m\u00e1s importante? -\",\"isPartOf\":{\"@id\":\"https:\\\/\\\/habitudes.co\\\/#website\"},\"primaryImageOfPage\":{\"@id\":\"https:\\\/\\\/habitudes.co\\\/2022\\\/09\\\/07\\\/insight-05\\\/#primaryimage\"},\"image\":{\"@id\":\"https:\\\/\\\/habitudes.co\\\/2022\\\/09\\\/07\\\/insight-05\\\/#primaryimage\"},\"thumbnailUrl\":\"https:\\\/\\\/habitudes.co\\\/wp-content\\\/uploads\\\/2022\\\/09\\\/dia_importante.jpg\",\"datePublished\":\"2022-09-08T02:51:09+00:00\",\"dateModified\":\"2024-04-28T09:50:39+00:00\",\"breadcrumb\":{\"@id\":\"https:\\\/\\\/habitudes.co\\\/2022\\\/09\\\/07\\\/insight-05\\\/#breadcrumb\"},\"inLanguage\":\"es\",\"potentialAction\":[{\"@type\":\"ReadAction\",\"target\":[\"https:\\\/\\\/habitudes.co\\\/2022\\\/09\\\/07\\\/insight-05\\\/\"]}]},{\"@type\":\"ImageObject\",\"inLanguage\":\"es\",\"@id\":\"https:\\\/\\\/habitudes.co\\\/2022\\\/09\\\/07\\\/insight-05\\\/#primaryimage\",\"url\":\"https:\\\/\\\/habitudes.co\\\/wp-content\\\/uploads\\\/2022\\\/09\\\/dia_importante.jpg\",\"contentUrl\":\"https:\\\/\\\/habitudes.co\\\/wp-content\\\/uploads\\\/2022\\\/09\\\/dia_importante.jpg\",\"width\":862,\"height\":575},{\"@type\":\"BreadcrumbList\",\"@id\":\"https:\\\/\\\/habitudes.co\\\/2022\\\/09\\\/07\\\/insight-05\\\/#breadcrumb\",\"itemListElement\":[{\"@type\":\"ListItem\",\"position\":1,\"name\":\"Portada\",\"item\":\"https:\\\/\\\/habitudes.co\\\/\"},{\"@type\":\"ListItem\",\"position\":2,\"name\":\"\u00bfCu\u00e1l es el d\u00eda m\u00e1s importante?\"}]},{\"@type\":\"WebSite\",\"@id\":\"https:\\\/\\\/habitudes.co\\\/#website\",\"url\":\"https:\\\/\\\/habitudes.co\\\/\",\"name\":\"habitudes.co\",\"description\":\"\",\"publisher\":{\"@id\":\"https:\\\/\\\/habitudes.co\\\/#organization\"},\"potentialAction\":[{\"@type\":\"SearchAction\",\"target\":{\"@type\":\"EntryPoint\",\"urlTemplate\":\"https:\\\/\\\/habitudes.co\\\/?s={search_term_string}\"},\"query-input\":{\"@type\":\"PropertyValueSpecification\",\"valueRequired\":true,\"valueName\":\"search_term_string\"}}],\"inLanguage\":\"es\"},{\"@type\":\"Organization\",\"@id\":\"https:\\\/\\\/habitudes.co\\\/#organization\",\"name\":\"habitudes\",\"url\":\"https:\\\/\\\/habitudes.co\\\/\",\"logo\":{\"@type\":\"ImageObject\",\"inLanguage\":\"es\",\"@id\":\"https:\\\/\\\/habitudes.co\\\/#\\\/schema\\\/logo\\\/image\\\/\",\"url\":\"https:\\\/\\\/habitudes.co\\\/wp-content\\\/uploads\\\/2023\\\/07\\\/logo-gp.png\",\"contentUrl\":\"https:\\\/\\\/habitudes.co\\\/wp-content\\\/uploads\\\/2023\\\/07\\\/logo-gp.png\",\"width\":1822,\"height\":1580,\"caption\":\"habitudes\"},\"image\":{\"@id\":\"https:\\\/\\\/habitudes.co\\\/#\\\/schema\\\/logo\\\/image\\\/\"},\"sameAs\":[\"https:\\\/\\\/x.com\\\/habitudesco\",\"https:\\\/\\\/www.linkedin.com\\\/company\\\/habitudes-co\\\/?viewAsMember=true\"]},{\"@type\":\"Person\",\"@id\":\"https:\\\/\\\/habitudes.co\\\/#\\\/schema\\\/person\\\/c79087e47f50d781b664416f84ab598c\",\"name\":\"Rodrigo Silva\",\"image\":{\"@type\":\"ImageObject\",\"inLanguage\":\"es\",\"@id\":\"https:\\\/\\\/secure.gravatar.com\\\/avatar\\\/9b710406327a296431c59d43ffb748924e8bcaf2dfb7de8c6c8915b2f4608132?s=96&d=identicon&r=g\",\"url\":\"https:\\\/\\\/secure.gravatar.com\\\/avatar\\\/9b710406327a296431c59d43ffb748924e8bcaf2dfb7de8c6c8915b2f4608132?s=96&d=identicon&r=g\",\"contentUrl\":\"https:\\\/\\\/secure.gravatar.com\\\/avatar\\\/9b710406327a296431c59d43ffb748924e8bcaf2dfb7de8c6c8915b2f4608132?s=96&d=identicon&r=g\",\"caption\":\"Rodrigo Silva\"},\"sameAs\":[\"http:\\\/\\\/habitudes.co\"],\"url\":\"https:\\\/\\\/habitudes.co\\\/author\\\/rodrigo\\\/\"}]}<\/script>\n<!-- \/ Yoast SEO plugin. -->","yoast_head_json":{"title":"\u00bfCu\u00e1l es el d\u00eda m\u00e1s importante? -","robots":{"index":"index","follow":"follow","max-snippet":"max-snippet:-1","max-image-preview":"max-image-preview:large","max-video-preview":"max-video-preview:-1"},"canonical":"https:\/\/habitudes.co\/2022\/09\/07\/insight-05\/","og_locale":"es_ES","og_type":"article","og_title":"\u00bfCu\u00e1l es el d\u00eda m\u00e1s importante? -","og_description":"Una de las discusiones que tengo de vez en cuando con mis hijos al llevarlos a sus entrenamientos deportivos, suele empezar m\u00e1s o menos de la siguiente manera: \u2013 \u00bfQu\u00e9 pasa si hoy no voy al entrenamiento? Es dos veces por semana y si dejo de ir un d\u00eda, pues no pasa nada, as\u00ed que [&hellip;]","og_url":"https:\/\/habitudes.co\/2022\/09\/07\/insight-05\/","article_published_time":"2022-09-08T02:51:09+00:00","article_modified_time":"2024-04-28T09:50:39+00:00","og_image":[{"width":862,"height":575,"url":"https:\/\/habitudes.co\/vumafic\/2022\/09\/dia_importante.jpg","type":"image\/jpeg"}],"author":"Rodrigo Silva","twitter_card":"summary_large_image","twitter_creator":"@habitudesco","twitter_site":"@habitudesco","twitter_misc":{"Escrito por":"Rodrigo Silva","Tiempo de lectura":"2 minutos"},"schema":{"@context":"https:\/\/schema.org","@graph":[{"@type":"Article","@id":"https:\/\/habitudes.co\/2022\/09\/07\/insight-05\/#article","isPartOf":{"@id":"https:\/\/habitudes.co\/2022\/09\/07\/insight-05\/"},"author":{"name":"Rodrigo Silva","@id":"https:\/\/habitudes.co\/#\/schema\/person\/c79087e47f50d781b664416f84ab598c"},"headline":"\u00bfCu\u00e1l es el d\u00eda m\u00e1s importante?","datePublished":"2022-09-08T02:51:09+00:00","dateModified":"2024-04-28T09:50:39+00:00","mainEntityOfPage":{"@id":"https:\/\/habitudes.co\/2022\/09\/07\/insight-05\/"},"wordCount":394,"commentCount":0,"publisher":{"@id":"https:\/\/habitudes.co\/#organization"},"image":{"@id":"https:\/\/habitudes.co\/2022\/09\/07\/insight-05\/#primaryimage"},"thumbnailUrl":"https:\/\/habitudes.co\/vumafic\/2022\/09\/dia_importante.jpg","articleSection":["Personas"],"inLanguage":"es","potentialAction":[{"@type":"CommentAction","name":"Comment","target":["https:\/\/habitudes.co\/2022\/09\/07\/insight-05\/#respond"]}]},{"@type":"WebPage","@id":"https:\/\/habitudes.co\/2022\/09\/07\/insight-05\/","url":"https:\/\/habitudes.co\/2022\/09\/07\/insight-05\/","name":"\u00bfCu\u00e1l es el d\u00eda m\u00e1s importante? -","isPartOf":{"@id":"https:\/\/habitudes.co\/#website"},"primaryImageOfPage":{"@id":"https:\/\/habitudes.co\/2022\/09\/07\/insight-05\/#primaryimage"},"image":{"@id":"https:\/\/habitudes.co\/2022\/09\/07\/insight-05\/#primaryimage"},"thumbnailUrl":"https:\/\/habitudes.co\/vumafic\/2022\/09\/dia_importante.jpg","datePublished":"2022-09-08T02:51:09+00:00","dateModified":"2024-04-28T09:50:39+00:00","breadcrumb":{"@id":"https:\/\/habitudes.co\/2022\/09\/07\/insight-05\/#breadcrumb"},"inLanguage":"es","potentialAction":[{"@type":"ReadAction","target":["https:\/\/habitudes.co\/2022\/09\/07\/insight-05\/"]}]},{"@type":"ImageObject","inLanguage":"es","@id":"https:\/\/habitudes.co\/2022\/09\/07\/insight-05\/#primaryimage","url":"https:\/\/habitudes.co\/vumafic\/2022\/09\/dia_importante.jpg","contentUrl":"https:\/\/habitudes.co\/vumafic\/2022\/09\/dia_importante.jpg","width":862,"height":575},{"@type":"BreadcrumbList","@id":"https:\/\/habitudes.co\/2022\/09\/07\/insight-05\/#breadcrumb","itemListElement":[{"@type":"ListItem","position":1,"name":"Portada","item":"https:\/\/habitudes.co\/"},{"@type":"ListItem","position":2,"name":"\u00bfCu\u00e1l es el d\u00eda m\u00e1s importante?"}]},{"@type":"WebSite","@id":"https:\/\/habitudes.co\/#website","url":"https:\/\/habitudes.co\/","name":"habitudes.co","description":"","publisher":{"@id":"https:\/\/habitudes.co\/#organization"},"potentialAction":[{"@type":"SearchAction","target":{"@type":"EntryPoint","urlTemplate":"https:\/\/habitudes.co\/?s={search_term_string}"},"query-input":{"@type":"PropertyValueSpecification","valueRequired":true,"valueName":"search_term_string"}}],"inLanguage":"es"},{"@type":"Organization","@id":"https:\/\/habitudes.co\/#organization","name":"habitudes","url":"https:\/\/habitudes.co\/","logo":{"@type":"ImageObject","inLanguage":"es","@id":"https:\/\/habitudes.co\/#\/schema\/logo\/image\/","url":"https:\/\/habitudes.co\/vumafic\/2023\/07\/logo-gp.png","contentUrl":"https:\/\/habitudes.co\/vumafic\/2023\/07\/logo-gp.png","width":1822,"height":1580,"caption":"habitudes"},"image":{"@id":"https:\/\/habitudes.co\/#\/schema\/logo\/image\/"},"sameAs":["https:\/\/x.com\/habitudesco","https:\/\/www.linkedin.com\/company\/habitudes-co\/?viewAsMember=true"]},{"@type":"Person","@id":"https:\/\/habitudes.co\/#\/schema\/person\/c79087e47f50d781b664416f84ab598c","name":"Rodrigo Silva","image":{"@type":"ImageObject","inLanguage":"es","@id":"https:\/\/secure.gravatar.com\/avatar\/9b710406327a296431c59d43ffb748924e8bcaf2dfb7de8c6c8915b2f4608132?s=96&d=identicon&r=g","url":"https:\/\/secure.gravatar.com\/avatar\/9b710406327a296431c59d43ffb748924e8bcaf2dfb7de8c6c8915b2f4608132?s=96&d=identicon&r=g","contentUrl":"https:\/\/secure.gravatar.com\/avatar\/9b710406327a296431c59d43ffb748924e8bcaf2dfb7de8c6c8915b2f4608132?s=96&d=identicon&r=g","caption":"Rodrigo Silva"},"sameAs":["http:\/\/habitudes.co"],"url":"https:\/\/habitudes.co\/author\/rodrigo\/"}]}},"_links":{"self":[{"href":"https:\/\/habitudes.co\/rubofom\/wp\/v2\/posts\/1916","targetHints":{"allow":["GET"]}}],"collection":[{"href":"https:\/\/habitudes.co\/rubofom\/wp\/v2\/posts"}],"about":[{"href":"https:\/\/habitudes.co\/rubofom\/wp\/v2\/types\/post"}],"author":[{"embeddable":true,"href":"https:\/\/habitudes.co\/rubofom\/wp\/v2\/users\/1"}],"replies":[{"embeddable":true,"href":"https:\/\/habitudes.co\/rubofom\/wp\/v2\/comments?post=1916"}],"version-history":[{"count":0,"href":"https:\/\/habitudes.co\/rubofom\/wp\/v2\/posts\/1916\/revisions"}],"wp:featuredmedia":[{"embeddable":true,"href":"https:\/\/habitudes.co\/rubofom\/wp\/v2\/media\/383"}],"wp:attachment":[{"href":"https:\/\/habitudes.co\/rubofom\/wp\/v2\/media?parent=1916"}],"wp:term":[{"taxonomy":"category","embeddable":true,"href":"https:\/\/habitudes.co\/rubofom\/wp\/v2\/categories?post=1916"},{"taxonomy":"post_tag","embeddable":true,"href":"https:\/\/habitudes.co\/rubofom\/wp\/v2\/tags?post=1916"}],"curies":[{"name":"wp","href":"https:\/\/api.w.org\/{rel}","templated":true}]}}